{"id":5501,"date":"2025-11-14T16:00:18","date_gmt":"2025-11-14T16:00:18","guid":{"rendered":"https:\/\/www.runesofmagic-infos.com\/2025\/11\/14\/fete-des-contes-de-fees-et-mise-a-jour-de-lequilibre-des-classes\/"},"modified":"2025-11-14T16:11:17","modified_gmt":"2025-11-14T16:11:17","slug":"fete-des-contes-de-fees-et-mise-a-jour-de-lequilibre-des-classes","status":"publish","type":"post","link":"https:\/\/www.runesofmagic-infos.com\/fr\/2025\/11\/14\/fete-des-contes-de-fees-et-mise-a-jour-de-lequilibre-des-classes\/","title":{"rendered":"F\u00eate des contes de f\u00e9es et mise \u00e0 jour de l&rsquo;\u00e9quilibre des classes"},"content":{"rendered":"\n<figure class=\"wp-block-image size-large\"><img loading=\"lazy\" decoding=\"async\" width=\"1024\" height=\"543\" src=\"https:\/\/www.runesofmagic-infos.com\/wp-content\/uploads\/2025\/11\/Fairytale_event05-1024x543.jpg\" alt=\"\" class=\"wp-image-5487\" srcset=\"https:\/\/www.runesofmagic-infos.com\/wp-content\/uploads\/2025\/11\/Fairytale_event05-1024x543.jpg 1024w, https:\/\/www.runesofmagic-infos.com\/wp-content\/uploads\/2025\/11\/Fairytale_event05-300x159.jpg 300w, https:\/\/www.runesofmagic-infos.com\/wp-content\/uploads\/2025\/11\/Fairytale_event05-768x407.jpg 768w, https:\/\/www.runesofmagic-infos.com\/wp-content\/uploads\/2025\/11\/Fairytale_event05.jpg 1280w\" sizes=\"auto, (max-width: 1024px) 100vw, 1024px\" \/><\/figure>\n\n\n\n<p><em>Il \u00e9tait une fois un barde voyageur nomm\u00e9 Aylit. Lorsqu&rsquo;il parcourait les villes et les villages, il racontait \u00e0 ses amis toutes sortes d&rsquo;histoires int\u00e9ressantes qui lui \u00e9taient arriv\u00e9es au cours de ses voyages. <\/em><\/p>\n\n\n\n<p><em>Un jour, il rencontra Falbala, la fille belle mais triste d&rsquo;un noble. Pour lui redonner le sourire, Aylit lui raconta des histoires invent\u00e9es de toutes pi\u00e8ces qui commenc\u00e8rent \u00e0 changer la jeune fille. <\/em><\/p>\n\n\n\n<p><em>Encourag\u00e9 par Falbala, il a commenc\u00e9 \u00e0 raconter toutes sortes d&rsquo;histoires aux gens. Celles-ci se sont r\u00e9pandues et sont devenues tr\u00e8s populaires. L&rsquo;intrigue et le d\u00e9nouement de ces histoires sont devenus des sujets de discussion passionn\u00e9s pendant le temps libre des gens.  <\/em><\/p>\n\n\n\n<p><em>Les marchands de Phirius font commerce de collections de ces histoires et choisissent chaque ann\u00e9e un th\u00e8me particulier pour un festival de contes. Ceux qui entrent dans la ville pendant cette p\u00e9riode se retrouvent avec tous les autres dans le m\u00eame pays de contes de f\u00e9es. <\/em><\/p>\n\n\n\n<p><strong>Mise \u00e0 jour de l&rsquo;\u00e9quilibre des classes<\/strong><\/p>\n\n\n\n<p><strong><u>\u00c9claireur<\/u><\/strong><\/p>\n\n\n\n<ul class=\"wp-block-list\">\n<li>Fl\u00e8che de nourriture : le buff de vitesse d&rsquo;attaque a \u00e9t\u00e9 r\u00e9duit de -30% \u00e0 -20%.<\/li>\n\n\n\n<li>Ma\u00eetre \u00e0 distance : les d\u00e9g\u00e2ts inflig\u00e9s par les armes \u00e0 distance ont \u00e9t\u00e9 augment\u00e9s de 40% \u00e0 70%.<\/li>\n<\/ul>\n\n\n\n<p>Ces changements devraient permettre d&rsquo;obtenir des d\u00e9g\u00e2ts plus stables, moins d\u00e9pendants des coups port\u00e9s lorsque les buffs \u00e0 court terme sont actifs, et de compenser en plus la perte de d\u00e9g\u00e2ts due \u00e0 la correction du \u00ab\u00a0Sceau du silence\u00a0\u00bb dans les patchs pr\u00e9c\u00e9dents.<\/p>\n\n\n\n<p><strong><u>Pr\u00e9servateur<\/u><\/strong><\/p>\n\n\n\n<ul class=\"wp-block-list\">\n<li>Tous les familiers : leur niveau \u00e9volue d\u00e9sormais correctement en tenant compte du niveau de pic.<\/li>\n<\/ul>\n\n\n\n<p>Ce changement am\u00e9liorera le gameplay des Conservateurs en permettant aux familiers d&rsquo;\u00e9voluer avec le niveau de pic du personnage. Cela r\u00e9duit \u00e9galement le probl\u00e8me des familiers qui, sinon, manqueraient un grand nombre d&rsquo;attaques contre les ennemis de fin de jeu. <\/p>\n\n\n\n<p><strong><u>Voleur\/Champion<\/u><\/strong><\/p>\n\n\n\n<ul class=\"wp-block-list\">\n<li>M\u00e9canisme de surtension : se met d\u00e9sormais correctement \u00e0 l&rsquo;\u00e9chelle.<\/li>\n<\/ul>\n\n\n\n<p>L&rsquo;une des principales comp\u00e9tences d&rsquo;\u00e9lite de la combinaison de classe ne s&rsquo;\u00e9chelonnait pas correctement, ce qui entra\u00eenait de faibles d\u00e9g\u00e2ts dans le contenu de fin de partie. Ceci a \u00e9t\u00e9 corrig\u00e9. <\/p>\n\n\n\n<p><strong><u>Champion<\/u><\/strong><\/p>\n\n\n\n<ul class=\"wp-block-list\">\n<li>L&rsquo;aptitude g\u00e9n\u00e9rale Surcharge de runes a \u00e9t\u00e9 modifi\u00e9e pour correspondre \u00e0 la comp\u00e9tence d&rsquo;\u00e9lite de guerrier champion.<\/li>\n<\/ul>\n\n\n\n<p><strong><u>Champion\/guerrier<\/u><\/strong><\/p>\n\n\n\n<ul class=\"wp-block-list\">\n<li>La surcharge de runes a \u00e9t\u00e9 ajust\u00e9e pour \u00e9viter les probl\u00e8mes o\u00f9 la capacit\u00e9 \u00e9tait annul\u00e9e m\u00eame lorsque la col\u00e8re \u00e9tait pleine.<\/li>\n<\/ul>\n\n\n\n<p>La capacit\u00e9 du guerrier champion est importante pour le ravitaillement et sa d\u00e9sactivation \u00e0 cause d&rsquo;un bug causait beaucoup de frustration chez les joueurs. Ceci a \u00e9t\u00e9 am\u00e9lior\u00e9 et corrig\u00e9. <\/p>\n\n\n\n<p><strong>Changements g\u00e9n\u00e9raux<\/strong><\/p>\n\n\n\n<ul class=\"wp-block-list\">\n<li>L&rsquo;effet passif de certaines comp\u00e9tences d&rsquo;ensemble ne dispara\u00eet plus apr\u00e8s la mort. Comp\u00e9tences d&rsquo;ensemble concern\u00e9es : \n<ul class=\"wp-block-list\">\n<li>\u00c9claireur : \u00ab\u00a0avantage du chasseur\u00a0\u00bb.<\/li>\n\n\n\n<li>\u00c9claireur : \u00ab\u00a0En solo<\/li>\n\n\n\n<li>Chevalier : \u00ab\u00a0Guerrier honorable<\/li>\n\n\n\n<li>Chevalier : \u00ab\u00a0Protection du cr\u00e9puscule<\/li>\n\n\n\n<li>Chevalier : \u00ab\u00a0Garde des esprits h\u00e9ro\u00efques\u00a0\u00bb.<\/li>\n\n\n\n<li>Champion : \u00ab\u00a0am\u00e9lioration des performances\u00a0\u00bb.<\/li>\n\n\n\n<li>Champion : \u00ab\u00a0Indestructible\u00a0\u00bb.<\/li>\n\n\n\n<li>Champion : \u00ab\u00a0Am\u00e9lioration de la propulsion\u00a0\u00bb.<\/li>\n<\/ul>\n<\/li>\n\n\n\n<li>Tous les anneaux d&rsquo;autel mystiques ont maintenant la capacit\u00e9 Anti-peur.<\/li>\n\n\n\n<li>Tous les gants PVP ont maintenant la capacit\u00e9 anti-\u00e9tourdissement.<\/li>\n\n\n\n<li>Les trois cenedrils nouvellement ajout\u00e9s ont maintenant des comp\u00e9tences.<\/li>\n<\/ul>\n\n\n\n<p><strong><u>Aper\u00e7u de l&rsquo;\u00e9v\u00e9nement de conte de f\u00e9es<\/u><\/strong><\/p>\n\n\n\n<ul class=\"wp-block-list\">\n<li>Les activit\u00e9s li\u00e9es \u00e0 l&rsquo;\u00e9v\u00e9nement se d\u00e9rouleront \u00e0 Silberquell et dans les collines de Donnerhuf.<\/li>\n\n\n\n<li>Vous pouvez trouver les responsables du festival sur la place de la ville de Varanas et sur le pont de Varanas.<\/li>\n<\/ul>\n\n\n\n<p><strong>La grande aventure de la biblioth\u00e8que<\/strong><\/p>\n\n\n\n<ul class=\"wp-block-list\">\n<li><strong>Point de d\u00e9part :<\/strong> Colline des sabots de tonnerre, la biblioth\u00e8que secr\u00e8te<\/li>\n\n\n\n<li><strong>PNJ de d\u00e9part : <\/strong>Vieux livre d&rsquo;histoires, Luna Wulfft, Wabbit blanc<\/li>\n\n\n\n<li><strong>Objectif de l&rsquo;\u00e9v\u00e9nement :<\/strong> Aidez la petite fille Luna Wulfft \u00e0 briser sa mal\u00e9diction ! Laissez-la vous suivre et terminez les t\u00e2ches du livre d&rsquo;histoires. Cherchez Sam le chat noir, car si vous l&rsquo;attrapez, il aura peut-\u00eatre un cadeau suppl\u00e9mentaire pour vous !  <\/li>\n<\/ul>\n\n\n\n<p><strong>\u00c9p\u00e9e dans la pierre<\/strong><\/p>\n\n\n\n<ul class=\"wp-block-list\">\n<li><strong>Point de d\u00e9part:<\/strong>Biblioth\u00e8que secr\u00e8te<\/li>\n\n\n\n<li><strong>PNJ de d\u00e9part : <\/strong>Livre d&rsquo;histoires<\/li>\n\n\n\n<li><strong>Objectif de l&rsquo;\u00e9v\u00e9nement :<\/strong> aider le petit Arthur \u00e0 retirer l&rsquo;\u00e9p\u00e9e de la pierre !<\/li>\n<\/ul>\n\n\n\n<p><strong>Prince grenouille<\/strong><\/p>\n\n\n\n<ul class=\"wp-block-list\">\n<li><strong>Point de d\u00e9part:<\/strong>Biblioth\u00e8que secr\u00e8te<\/li>\n\n\n\n<li><strong>PNJ de d\u00e9part : <\/strong>Livre d&rsquo;histoires<\/li>\n\n\n\n<li><strong>Objectif de l&rsquo;\u00e9v\u00e9nement :<\/strong> Un baiser pour la grenouille aidera-t-il \u00e0 briser la mal\u00e9diction et \u00e0 trouver le prince ? D\u00e9couvrez-le ! <\/li>\n<\/ul>\n\n\n\n<p><strong>D\u00e9truire les vers de biblioth\u00e8que<\/strong><\/p>\n\n\n\n<ul class=\"wp-block-list\">\n<li><strong>Point de d\u00e9part:<\/strong>Biblioth\u00e8que secr\u00e8te<\/li>\n\n\n\n<li><strong>PNJ de d\u00e9part : <\/strong>Livre d&rsquo;histoires<\/li>\n\n\n\n<li><strong>Objectif de l&rsquo;\u00e9v\u00e9nement :<\/strong> nettoyer la biblioth\u00e8que et prot\u00e9ger les livres contre les dangereux vers de biblioth\u00e8que !<\/li>\n<\/ul>\n\n\n\n<p><strong>Jack et les haricots magiques<\/strong><\/p>\n\n\n\n<ul class=\"wp-block-list\">\n<li><strong>Point de d\u00e9part:<\/strong>Biblioth\u00e8que secr\u00e8te<\/li>\n\n\n\n<li><strong>PNJ de d\u00e9part : <\/strong>Livre d&rsquo;histoires<\/li>\n\n\n\n<li><strong>Objectif de l&rsquo;\u00e9v\u00e9nement :<\/strong> Chute de la liane de haricot magique avant qu&rsquo;il ne soit trop tard !<\/li>\n<\/ul>\n\n\n\n<p><strong>Conte de f\u00e9es : Le vilain petit canard<\/strong><\/p>\n\n\n\n<ul class=\"wp-block-list\">\n<li><strong>PNJ de d\u00e9part :<\/strong> Chloe Kayla<\/li>\n\n\n\n<li><strong>Point de d\u00e9part : <\/strong>Tomara, colline des sabots de tonnerre<\/li>\n\n\n\n<li><strong>Objectif de l&rsquo;\u00e9v\u00e9nement :<\/strong> L&rsquo;\u00e9v\u00e9nement des contes de f\u00e9es a commenc\u00e9 ! Cette ann\u00e9e, nous \u00e9couterons le conte du vilain petit canard. Aidez \u00e0 faire \u00e9clore des \u0153ufs !  <\/li>\n<\/ul>\n\n\n\n<p><strong>Je suis le vilain petit canard<\/strong><\/p>\n\n\n\n<ul class=\"wp-block-list\">\n<li><strong>PNJ de d\u00e9part :<\/strong> Chloe Kayla<\/li>\n\n\n\n<li><strong>Point de d\u00e9part : <\/strong>Tomara, colline des sabots de tonnerre<\/li>\n\n\n\n<li><strong>Objectif de l&rsquo;\u00e9v\u00e9nement :<\/strong> Se d\u00e9guiser en vilain petit canard et parler \u00e0 ses <em>fr\u00e8res et s\u0153urs<\/em>.<\/li>\n<\/ul>\n\n\n\n<p><strong>Pas de nourriture<\/strong><\/p>\n\n\n\n<ul class=\"wp-block-list\">\n<li><strong>PNJ de d\u00e9part :<\/strong> Chloe Kayla<\/li>\n\n\n\n<li><strong>Point de d\u00e9part : <\/strong>Tomara, colline des sabots de tonnerre<\/li>\n\n\n\n<li><strong>Objectif de l&rsquo;\u00e9v\u00e9nement :<\/strong> Vous avez quitt\u00e9 votre famille pour partir \u00e0 l&rsquo;aventure. Cependant, votre estomac gargouille et vous avez faim. Trouvez la vieille femme et demandez-lui quelque chose \u00e0 manger.  <\/li>\n<\/ul>\n\n\n\n<p><strong>Enfin un cygne<\/strong><\/p>\n\n\n\n<ul class=\"wp-block-list\">\n<li><strong>PNJ de d\u00e9part :<\/strong> Chloe Kayla<\/li>\n\n\n\n<li><strong>Point de d\u00e9part : <\/strong>Tomara, colline des sabots de tonnerre<\/li>\n\n\n\n<li><strong>Objectif de l&rsquo;\u00e9v\u00e9nement :<\/strong> Le vilain petit canard menace de mourir de froid sur le lac glac\u00e9, ne peut plus bouger et finit par s&rsquo;\u00e9vanouir. Heureusement, il est sauv\u00e9 par un b\u00fbcheron qui passe par l\u00e0 et le ram\u00e8ne chez lui. <\/li>\n<\/ul>\n\n\n\n<p><strong>Petit amour d&rsquo;ange<\/strong><\/p>\n\n\n\n<ul class=\"wp-block-list\">\n<li><strong>Type d&rsquo;\u00e9v\u00e9nement :<\/strong> Lancer des sorts sur d&rsquo;autres joueurs<\/li>\n\n\n\n<li><strong>Point de d\u00e9part : <\/strong>Varanas ville basse Est<\/li>\n\n\n\n<li><strong>Objectif :<\/strong> lancer des sorts sur d&rsquo;autres joueurs<\/li>\n<\/ul>\n\n\n\n<p><strong>Petite b\u00eatise de d\u00e9mon<\/strong><\/p>\n\n\n\n<ul class=\"wp-block-list\">\n<li><strong>Type d&rsquo;\u00e9v\u00e9nement :<\/strong> Lancer des sorts sur d&rsquo;autres joueurs<\/li>\n\n\n\n<li><strong>Point de d\u00e9part :<\/strong> Varanas ville basse ouest<\/li>\n\n\n\n<li><strong>Objectif :<\/strong> lancer des sorts sur d&rsquo;autres joueurs<\/li>\n<\/ul>\n\n\n\n<p><strong>Coquille nautile magique<\/strong><\/p>\n\n\n\n<ul class=\"wp-block-list\">\n<li><strong>Type d&rsquo;\u00e9v\u00e9nement :<\/strong> Rassembler des monstres avec un coquillage magique<\/li>\n\n\n\n<li><strong>Point de d\u00e9part :<\/strong> Pont de Varanas<\/li>\n\n\n\n<li><strong>Objectif :<\/strong> trouver et collecter des \u00e9cureuils<\/li>\n<\/ul>\n\n\n\n<p><strong>C\u00e9r\u00e9monie des histoires<\/strong><\/p>\n\n\n\n<ul class=\"wp-block-list\">\n<li><strong>Type d&rsquo;\u00e9v\u00e9nement :<\/strong> Utiliser des objets sur d&rsquo;autres joueurs pour obtenir une r\u00e9compense<\/li>\n\n\n\n<li><strong>Point de d\u00e9part : <\/strong>Pont de Varanas et place de la ville de Varanas<\/li>\n\n\n\n<li><strong>Zone :<\/strong> Taborea<\/li>\n\n\n\n<li><strong>Objectif :<\/strong> collecter des \u00e9l\u00e9ments d&rsquo;histoire avec d&rsquo;autres joueurs dans un groupe<\/li>\n<\/ul>\n\n\n\n<p><strong>Soutien au groupe de conteurs<\/strong><\/p>\n\n\n\n<ul class=\"wp-block-list\">\n<li><strong>Type d&rsquo;\u00e9v\u00e9nement :<\/strong> Qu\u00eate quotidienne r\u00e9currente (r\u00e9initialisation quotidienne)<\/li>\n\n\n\n<li><strong>Point de d\u00e9part :<\/strong> Place de la ville de Varanas<\/li>\n\n\n\n<li><strong>Zone : <\/strong>Source d&rsquo;argent<\/li>\n\n\n\n<li><strong>Objectif :<\/strong> Terminer la qu\u00eate<\/li>\n\n\n\n<li>Recevez <strong>chaque jour une<\/strong> qu\u00eate <strong>au hasard<\/strong><strong>parmi cinq<\/strong> possibles \u00e0 r\u00e9ussir :\n<ul class=\"wp-block-list\">\n<li><strong>Qu\u00eate 1 :<\/strong> Manque de citrouilles &#8211; Collectez 10 grosses citrouilles<\/li>\n\n\n\n<li><strong>Qu\u00eate 2 :<\/strong> Trois fr\u00e8res joueurs &#8211; Cherchez les trois fr\u00e8res<\/li>\n\n\n\n<li><strong>Qu\u00eate 3 :<\/strong> Pomme et sanglier &#8211; Capturez un sanglier sauvage et achetez 5 pommes<\/li>\n\n\n\n<li><strong>Qu\u00eate 4 :<\/strong> D\u00e9licieux cookie maison &#8211; R\u00e9pondez aux questions et apportez 10 cookies maison \u00e0 Reginald<\/li>\n\n\n\n<li><strong>Qu\u00eate 5<\/strong>: Mat\u00e9riel pour le costume de loup &#8211; Collectionnez 10 crini\u00e8res fines de hy\u00e8nes des prairies et 5 crocs de loup des loups mutants<\/li>\n<\/ul>\n<\/li>\n<\/ul>\n\n\n\n<figure class=\"wp-block-image size-full\"><img loading=\"lazy\" decoding=\"async\" width=\"1000\" height=\"530\" src=\"https:\/\/www.runesofmagic-infos.com\/wp-content\/uploads\/2025\/11\/Fairytale_event01.jpg\" alt=\"\" class=\"wp-image-5492\" srcset=\"https:\/\/www.runesofmagic-infos.com\/wp-content\/uploads\/2025\/11\/Fairytale_event01.jpg 1000w, https:\/\/www.runesofmagic-infos.com\/wp-content\/uploads\/2025\/11\/Fairytale_event01-300x159.jpg 300w, https:\/\/www.runesofmagic-infos.com\/wp-content\/uploads\/2025\/11\/Fairytale_event01-768x407.jpg 768w\" sizes=\"auto, (max-width: 1000px) 100vw, 1000px\" \/><\/figure>\n\n\n\n<p><strong>Cow-boy<\/strong><\/p>\n\n\n\n<ul class=\"wp-block-list\">\n<li><strong>Type d&rsquo;\u00e9v\u00e9nement :<\/strong> Chapeaux Vaches<\/li>\n\n\n\n<li><strong>Infos sur l&rsquo;\u00e9v\u00e9nement :<\/strong> sur la place de la ville de Varanas et \u00e0 la source d&rsquo;argent<\/li>\n\n\n\n<li><strong>Point de d\u00e9part : <\/strong>Place de la ville de Varanas<\/li>\n\n\n\n<li><strong>Objectif :<\/strong> lancer des sorts sur les PNJ et conduire les vaches<\/li>\n<\/ul>\n\n\n\n<p><strong>Repr\u00e9sentation th\u00e9\u00e2trale<\/strong><\/p>\n\n\n\n<ul class=\"wp-block-list\">\n<li><strong>Type d&rsquo;\u00e9v\u00e9nement :<\/strong> Faites partie d&rsquo;une repr\u00e9sentation th\u00e9\u00e2trale<\/li>\n\n\n\n<li><strong>Point de d\u00e9part :<\/strong> Place de la ville de Varanas<\/li>\n\n\n\n<li><strong>Objectif :<\/strong> prononcer les passages de votre r\u00f4le dans la pi\u00e8ce de th\u00e9\u00e2tre<\/li>\n<\/ul>\n\n\n\n<p><strong>Histoire du dragon<\/strong><\/p>\n\n\n\n<ul class=\"wp-block-list\">\n<li><strong>Type d&rsquo;\u00e9v\u00e9nement : <\/strong>Combat<\/li>\n\n\n\n<li><strong>Point de d\u00e9part : <\/strong>Place de la ville de Varanas<\/li>\n\n\n\n<li><strong>Zone :<\/strong> District administratif de Varanas<\/li>\n\n\n\n<li><strong>Cible de l&rsquo;\u00e9v\u00e9nement :<\/strong> d\u00e9fier et vaincre le grand dragon<\/li>\n<\/ul>\n\n\n\n<p><strong>Le petit chaperon rouge<\/strong><\/p>\n\n\n\n<ul class=\"wp-block-list\">\n<li><strong>Type d&rsquo;\u00e9v\u00e9nement :<\/strong> Cliquez sur les panneaux pour indiquer le chemin au Petit Chaperon Rouge<\/li>\n\n\n\n<li><strong>Point de d\u00e9part :<\/strong> Pont de Varanas<\/li>\n\n\n\n<li><strong>Zone :<\/strong> Pont de Varanas<\/li>\n\n\n\n<li><strong>Objectif :<\/strong> Accompagner le Petit Chaperon rouge en toute s\u00e9curit\u00e9 jusqu&rsquo;aux fleurs, en \u00e9vitant le grand m\u00e9chant loup.<\/li>\n<\/ul>\n\n\n\n<p><a href=\"https:\/\/forum.runesofmagic.gameforge.com\/forum\/thread\/268-normas-de-juego\/\"><strong><\/strong><\/a><\/p>\n","protected":false},"excerpt":{"rendered":"<p>Il \u00e9tait une fois un barde voyageur nomm\u00e9 Aylit. Lorsqu&rsquo;il parcourait les villes et les villages, il racontait \u00e0 ses amis toutes sortes d&rsquo;histoires int\u00e9ressantes qui lui \u00e9taient arriv\u00e9es au cours de ses voyages. Un jour, il rencontra Falbala, la fille belle mais triste d&rsquo;un noble. Pour lui redonner le [&hellip;]<\/p>\n","protected":false},"author":1,"featured_media":0,"comment_status":"open","ping_status":"closed","sticky":false,"template":"","format":"standard","meta":{"footnotes":""},"categories":[2],"tags":[],"class_list":["post-5501","post","type-post","status-publish","format-standard","hentry","category-non-classifiee"],"yoast_head":"<!-- This site is optimized with the Yoast SEO plugin v27.5 - https:\/\/yoast.com\/product\/yoast-seo-wordpress\/ -->\n<title>F\u00eate des contes de f\u00e9es et mise \u00e0 jour de l&#039;\u00e9quilibre des classes - Runes of Magic-Infos<\/title>\n<meta name=\"robots\" content=\"index, follow, max-snippet:-1, max-image-preview:large, max-video-preview:-1\" \/>\n<link rel=\"canonical\" href=\"https:\/\/www.runesofmagic-infos.com\/fr\/2025\/11\/14\/fete-des-contes-de-fees-et-mise-a-jour-de-lequilibre-des-classes\/\" \/>\n<meta property=\"og:locale\" content=\"fr_FR\" \/>\n<meta property=\"og:type\" content=\"article\" \/>\n<meta property=\"og:title\" content=\"F\u00eate des contes de f\u00e9es et mise \u00e0 jour de l&#039;\u00e9quilibre des classes - Runes of Magic-Infos\" \/>\n<meta property=\"og:description\" content=\"Il \u00e9tait une fois un barde voyageur nomm\u00e9 Aylit. Lorsqu&rsquo;il parcourait les villes et les villages, il racontait \u00e0 ses amis toutes sortes d&rsquo;histoires int\u00e9ressantes qui lui \u00e9taient arriv\u00e9es au cours de ses voyages. Un jour, il rencontra Falbala, la fille belle mais triste d&rsquo;un noble. Pour lui redonner le [&hellip;]\" \/>\n<meta property=\"og:url\" content=\"https:\/\/www.runesofmagic-infos.com\/fr\/2025\/11\/14\/fete-des-contes-de-fees-et-mise-a-jour-de-lequilibre-des-classes\/\" \/>\n<meta property=\"og:site_name\" content=\"Runes of Magic-Infos\" \/>\n<meta property=\"article:published_time\" content=\"2025-11-14T16:00:18+00:00\" \/>\n<meta property=\"article:modified_time\" content=\"2025-11-14T16:11:17+00:00\" \/>\n<meta property=\"og:image\" content=\"https:\/\/www.runesofmagic-infos.com\/wp-content\/uploads\/2025\/11\/Fairytale_event05-1024x543.jpg\" \/>\n<meta name=\"author\" content=\"krotti\" \/>\n<meta name=\"twitter:card\" content=\"summary_large_image\" \/>\n<meta name=\"twitter:label1\" content=\"\u00c9crit par\" \/>\n\t<meta name=\"twitter:data1\" content=\"krotti\" \/>\n\t<meta name=\"twitter:label2\" content=\"Dur\u00e9e de lecture estim\u00e9e\" \/>\n\t<meta name=\"twitter:data2\" content=\"7 minutes\" \/>\n<script type=\"application\/ld+json\" class=\"yoast-schema-graph\">{\"@context\":\"https:\\\/\\\/schema.org\",\"@graph\":[{\"@type\":\"Article\",\"@id\":\"https:\\\/\\\/www.runesofmagic-infos.com\\\/fr\\\/2025\\\/11\\\/14\\\/fete-des-contes-de-fees-et-mise-a-jour-de-lequilibre-des-classes\\\/#article\",\"isPartOf\":{\"@id\":\"https:\\\/\\\/www.runesofmagic-infos.com\\\/fr\\\/2025\\\/11\\\/14\\\/fete-des-contes-de-fees-et-mise-a-jour-de-lequilibre-des-classes\\\/\"},\"author\":{\"name\":\"krotti\",\"@id\":\"https:\\\/\\\/www.runesofmagic-infos.com\\\/fr\\\/#\\\/schema\\\/person\\\/52cc0b219c8c45fddb443a7084601931\"},\"headline\":\"F\u00eate des contes de f\u00e9es et mise \u00e0 jour de l&rsquo;\u00e9quilibre des classes\",\"datePublished\":\"2025-11-14T16:00:18+00:00\",\"dateModified\":\"2025-11-14T16:11:17+00:00\",\"mainEntityOfPage\":{\"@id\":\"https:\\\/\\\/www.runesofmagic-infos.com\\\/fr\\\/2025\\\/11\\\/14\\\/fete-des-contes-de-fees-et-mise-a-jour-de-lequilibre-des-classes\\\/\"},\"wordCount\":1508,\"commentCount\":0,\"publisher\":{\"@id\":\"https:\\\/\\\/www.runesofmagic-infos.com\\\/fr\\\/#organization\"},\"image\":{\"@id\":\"https:\\\/\\\/www.runesofmagic-infos.com\\\/fr\\\/2025\\\/11\\\/14\\\/fete-des-contes-de-fees-et-mise-a-jour-de-lequilibre-des-classes\\\/#primaryimage\"},\"thumbnailUrl\":\"https:\\\/\\\/www.runesofmagic-infos.com\\\/wp-content\\\/uploads\\\/2025\\\/11\\\/Fairytale_event05-1024x543.jpg\",\"articleSection\":[\"Non classifi\u00e9(e)\"],\"inLanguage\":\"fr-FR\",\"potentialAction\":[{\"@type\":\"CommentAction\",\"name\":\"Comment\",\"target\":[\"https:\\\/\\\/www.runesofmagic-infos.com\\\/fr\\\/2025\\\/11\\\/14\\\/fete-des-contes-de-fees-et-mise-a-jour-de-lequilibre-des-classes\\\/#respond\"]}]},{\"@type\":\"WebPage\",\"@id\":\"https:\\\/\\\/www.runesofmagic-infos.com\\\/fr\\\/2025\\\/11\\\/14\\\/fete-des-contes-de-fees-et-mise-a-jour-de-lequilibre-des-classes\\\/\",\"url\":\"https:\\\/\\\/www.runesofmagic-infos.com\\\/fr\\\/2025\\\/11\\\/14\\\/fete-des-contes-de-fees-et-mise-a-jour-de-lequilibre-des-classes\\\/\",\"name\":\"F\u00eate des contes de f\u00e9es et mise \u00e0 jour de l'\u00e9quilibre des classes - Runes of Magic-Infos\",\"isPartOf\":{\"@id\":\"https:\\\/\\\/www.runesofmagic-infos.com\\\/fr\\\/#website\"},\"primaryImageOfPage\":{\"@id\":\"https:\\\/\\\/www.runesofmagic-infos.com\\\/fr\\\/2025\\\/11\\\/14\\\/fete-des-contes-de-fees-et-mise-a-jour-de-lequilibre-des-classes\\\/#primaryimage\"},\"image\":{\"@id\":\"https:\\\/\\\/www.runesofmagic-infos.com\\\/fr\\\/2025\\\/11\\\/14\\\/fete-des-contes-de-fees-et-mise-a-jour-de-lequilibre-des-classes\\\/#primaryimage\"},\"thumbnailUrl\":\"https:\\\/\\\/www.runesofmagic-infos.com\\\/wp-content\\\/uploads\\\/2025\\\/11\\\/Fairytale_event05-1024x543.jpg\",\"datePublished\":\"2025-11-14T16:00:18+00:00\",\"dateModified\":\"2025-11-14T16:11:17+00:00\",\"breadcrumb\":{\"@id\":\"https:\\\/\\\/www.runesofmagic-infos.com\\\/fr\\\/2025\\\/11\\\/14\\\/fete-des-contes-de-fees-et-mise-a-jour-de-lequilibre-des-classes\\\/#breadcrumb\"},\"inLanguage\":\"fr-FR\",\"potentialAction\":[{\"@type\":\"ReadAction\",\"target\":[\"https:\\\/\\\/www.runesofmagic-infos.com\\\/fr\\\/2025\\\/11\\\/14\\\/fete-des-contes-de-fees-et-mise-a-jour-de-lequilibre-des-classes\\\/\"]}]},{\"@type\":\"ImageObject\",\"inLanguage\":\"fr-FR\",\"@id\":\"https:\\\/\\\/www.runesofmagic-infos.com\\\/fr\\\/2025\\\/11\\\/14\\\/fete-des-contes-de-fees-et-mise-a-jour-de-lequilibre-des-classes\\\/#primaryimage\",\"url\":\"https:\\\/\\\/www.runesofmagic-infos.com\\\/wp-content\\\/uploads\\\/2025\\\/11\\\/Fairytale_event05-1024x543.jpg\",\"contentUrl\":\"https:\\\/\\\/www.runesofmagic-infos.com\\\/wp-content\\\/uploads\\\/2025\\\/11\\\/Fairytale_event05-1024x543.jpg\"},{\"@type\":\"BreadcrumbList\",\"@id\":\"https:\\\/\\\/www.runesofmagic-infos.com\\\/fr\\\/2025\\\/11\\\/14\\\/fete-des-contes-de-fees-et-mise-a-jour-de-lequilibre-des-classes\\\/#breadcrumb\",\"itemListElement\":[{\"@type\":\"ListItem\",\"position\":1,\"name\":\"Startseite\",\"item\":\"https:\\\/\\\/www.runesofmagic-infos.com\\\/fr\\\/\"},{\"@type\":\"ListItem\",\"position\":2,\"name\":\"F\u00eate des contes de f\u00e9es et mise \u00e0 jour de l&#8217;\u00e9quilibre des classes\"}]},{\"@type\":\"WebSite\",\"@id\":\"https:\\\/\\\/www.runesofmagic-infos.com\\\/fr\\\/#website\",\"url\":\"https:\\\/\\\/www.runesofmagic-infos.com\\\/fr\\\/\",\"name\":\"Runes of Magic-Infos\",\"description\":\"\",\"publisher\":{\"@id\":\"https:\\\/\\\/www.runesofmagic-infos.com\\\/fr\\\/#organization\"},\"potentialAction\":[{\"@type\":\"SearchAction\",\"target\":{\"@type\":\"EntryPoint\",\"urlTemplate\":\"https:\\\/\\\/www.runesofmagic-infos.com\\\/fr\\\/?s={search_term_string}\"},\"query-input\":{\"@type\":\"PropertyValueSpecification\",\"valueRequired\":true,\"valueName\":\"search_term_string\"}}],\"inLanguage\":\"fr-FR\"},{\"@type\":\"Organization\",\"@id\":\"https:\\\/\\\/www.runesofmagic-infos.com\\\/fr\\\/#organization\",\"name\":\"Runes of Magic-Infos\",\"url\":\"https:\\\/\\\/www.runesofmagic-infos.com\\\/fr\\\/\",\"logo\":{\"@type\":\"ImageObject\",\"inLanguage\":\"fr-FR\",\"@id\":\"https:\\\/\\\/www.runesofmagic-infos.com\\\/fr\\\/#\\\/schema\\\/logo\\\/image\\\/\",\"url\":\"https:\\\/\\\/www.runesofmagic-infos.com\\\/wp-content\\\/uploads\\\/2024\\\/01\\\/ROM-Infos-Original-Logo.png\",\"contentUrl\":\"https:\\\/\\\/www.runesofmagic-infos.com\\\/wp-content\\\/uploads\\\/2024\\\/01\\\/ROM-Infos-Original-Logo.png\",\"width\":2329,\"height\":1721,\"caption\":\"Runes of Magic-Infos\"},\"image\":{\"@id\":\"https:\\\/\\\/www.runesofmagic-infos.com\\\/fr\\\/#\\\/schema\\\/logo\\\/image\\\/\"}},{\"@type\":\"Person\",\"@id\":\"https:\\\/\\\/www.runesofmagic-infos.com\\\/fr\\\/#\\\/schema\\\/person\\\/52cc0b219c8c45fddb443a7084601931\",\"name\":\"krotti\",\"image\":{\"@type\":\"ImageObject\",\"inLanguage\":\"fr-FR\",\"@id\":\"https:\\\/\\\/secure.gravatar.com\\\/avatar\\\/aec4c4a78a0b0f9996d8d32335a18554e7ade134085b8cce00a3635eb7043b0c?s=96&d=mm&r=g\",\"url\":\"https:\\\/\\\/secure.gravatar.com\\\/avatar\\\/aec4c4a78a0b0f9996d8d32335a18554e7ade134085b8cce00a3635eb7043b0c?s=96&d=mm&r=g\",\"contentUrl\":\"https:\\\/\\\/secure.gravatar.com\\\/avatar\\\/aec4c4a78a0b0f9996d8d32335a18554e7ade134085b8cce00a3635eb7043b0c?s=96&d=mm&r=g\",\"caption\":\"krotti\"},\"sameAs\":[\"https:\\\/\\\/www.runesofmagic-infos.com\"],\"url\":\"https:\\\/\\\/www.runesofmagic-infos.com\\\/fr\\\/author\\\/krotti_v01ek671\\\/\"}]}<\/script>\n<!-- \/ Yoast SEO plugin. -->","yoast_head_json":{"title":"F\u00eate des contes de f\u00e9es et mise \u00e0 jour de l'\u00e9quilibre des classes - Runes of Magic-Infos","robots":{"index":"index","follow":"follow","max-snippet":"max-snippet:-1","max-image-preview":"max-image-preview:large","max-video-preview":"max-video-preview:-1"},"canonical":"https:\/\/www.runesofmagic-infos.com\/fr\/2025\/11\/14\/fete-des-contes-de-fees-et-mise-a-jour-de-lequilibre-des-classes\/","og_locale":"fr_FR","og_type":"article","og_title":"F\u00eate des contes de f\u00e9es et mise \u00e0 jour de l'\u00e9quilibre des classes - Runes of Magic-Infos","og_description":"Il \u00e9tait une fois un barde voyageur nomm\u00e9 Aylit. Lorsqu&rsquo;il parcourait les villes et les villages, il racontait \u00e0 ses amis toutes sortes d&rsquo;histoires int\u00e9ressantes qui lui \u00e9taient arriv\u00e9es au cours de ses voyages. Un jour, il rencontra Falbala, la fille belle mais triste d&rsquo;un noble. Pour lui redonner le [&hellip;]","og_url":"https:\/\/www.runesofmagic-infos.com\/fr\/2025\/11\/14\/fete-des-contes-de-fees-et-mise-a-jour-de-lequilibre-des-classes\/","og_site_name":"Runes of Magic-Infos","article_published_time":"2025-11-14T16:00:18+00:00","article_modified_time":"2025-11-14T16:11:17+00:00","og_image":[{"url":"https:\/\/www.runesofmagic-infos.com\/wp-content\/uploads\/2025\/11\/Fairytale_event05-1024x543.jpg","type":"","width":"","height":""}],"author":"krotti","twitter_card":"summary_large_image","twitter_misc":{"\u00c9crit par":"krotti","Dur\u00e9e de lecture estim\u00e9e":"7 minutes"},"schema":{"@context":"https:\/\/schema.org","@graph":[{"@type":"Article","@id":"https:\/\/www.runesofmagic-infos.com\/fr\/2025\/11\/14\/fete-des-contes-de-fees-et-mise-a-jour-de-lequilibre-des-classes\/#article","isPartOf":{"@id":"https:\/\/www.runesofmagic-infos.com\/fr\/2025\/11\/14\/fete-des-contes-de-fees-et-mise-a-jour-de-lequilibre-des-classes\/"},"author":{"name":"krotti","@id":"https:\/\/www.runesofmagic-infos.com\/fr\/#\/schema\/person\/52cc0b219c8c45fddb443a7084601931"},"headline":"F\u00eate des contes de f\u00e9es et mise \u00e0 jour de l&rsquo;\u00e9quilibre des classes","datePublished":"2025-11-14T16:00:18+00:00","dateModified":"2025-11-14T16:11:17+00:00","mainEntityOfPage":{"@id":"https:\/\/www.runesofmagic-infos.com\/fr\/2025\/11\/14\/fete-des-contes-de-fees-et-mise-a-jour-de-lequilibre-des-classes\/"},"wordCount":1508,"commentCount":0,"publisher":{"@id":"https:\/\/www.runesofmagic-infos.com\/fr\/#organization"},"image":{"@id":"https:\/\/www.runesofmagic-infos.com\/fr\/2025\/11\/14\/fete-des-contes-de-fees-et-mise-a-jour-de-lequilibre-des-classes\/#primaryimage"},"thumbnailUrl":"https:\/\/www.runesofmagic-infos.com\/wp-content\/uploads\/2025\/11\/Fairytale_event05-1024x543.jpg","articleSection":["Non classifi\u00e9(e)"],"inLanguage":"fr-FR","potentialAction":[{"@type":"CommentAction","name":"Comment","target":["https:\/\/www.runesofmagic-infos.com\/fr\/2025\/11\/14\/fete-des-contes-de-fees-et-mise-a-jour-de-lequilibre-des-classes\/#respond"]}]},{"@type":"WebPage","@id":"https:\/\/www.runesofmagic-infos.com\/fr\/2025\/11\/14\/fete-des-contes-de-fees-et-mise-a-jour-de-lequilibre-des-classes\/","url":"https:\/\/www.runesofmagic-infos.com\/fr\/2025\/11\/14\/fete-des-contes-de-fees-et-mise-a-jour-de-lequilibre-des-classes\/","name":"F\u00eate des contes de f\u00e9es et mise \u00e0 jour de l'\u00e9quilibre des classes - Runes of Magic-Infos","isPartOf":{"@id":"https:\/\/www.runesofmagic-infos.com\/fr\/#website"},"primaryImageOfPage":{"@id":"https:\/\/www.runesofmagic-infos.com\/fr\/2025\/11\/14\/fete-des-contes-de-fees-et-mise-a-jour-de-lequilibre-des-classes\/#primaryimage"},"image":{"@id":"https:\/\/www.runesofmagic-infos.com\/fr\/2025\/11\/14\/fete-des-contes-de-fees-et-mise-a-jour-de-lequilibre-des-classes\/#primaryimage"},"thumbnailUrl":"https:\/\/www.runesofmagic-infos.com\/wp-content\/uploads\/2025\/11\/Fairytale_event05-1024x543.jpg","datePublished":"2025-11-14T16:00:18+00:00","dateModified":"2025-11-14T16:11:17+00:00","breadcrumb":{"@id":"https:\/\/www.runesofmagic-infos.com\/fr\/2025\/11\/14\/fete-des-contes-de-fees-et-mise-a-jour-de-lequilibre-des-classes\/#breadcrumb"},"inLanguage":"fr-FR","potentialAction":[{"@type":"ReadAction","target":["https:\/\/www.runesofmagic-infos.com\/fr\/2025\/11\/14\/fete-des-contes-de-fees-et-mise-a-jour-de-lequilibre-des-classes\/"]}]},{"@type":"ImageObject","inLanguage":"fr-FR","@id":"https:\/\/www.runesofmagic-infos.com\/fr\/2025\/11\/14\/fete-des-contes-de-fees-et-mise-a-jour-de-lequilibre-des-classes\/#primaryimage","url":"https:\/\/www.runesofmagic-infos.com\/wp-content\/uploads\/2025\/11\/Fairytale_event05-1024x543.jpg","contentUrl":"https:\/\/www.runesofmagic-infos.com\/wp-content\/uploads\/2025\/11\/Fairytale_event05-1024x543.jpg"},{"@type":"BreadcrumbList","@id":"https:\/\/www.runesofmagic-infos.com\/fr\/2025\/11\/14\/fete-des-contes-de-fees-et-mise-a-jour-de-lequilibre-des-classes\/#breadcrumb","itemListElement":[{"@type":"ListItem","position":1,"name":"Startseite","item":"https:\/\/www.runesofmagic-infos.com\/fr\/"},{"@type":"ListItem","position":2,"name":"F\u00eate des contes de f\u00e9es et mise \u00e0 jour de l&#8217;\u00e9quilibre des classes"}]},{"@type":"WebSite","@id":"https:\/\/www.runesofmagic-infos.com\/fr\/#website","url":"https:\/\/www.runesofmagic-infos.com\/fr\/","name":"Runes of Magic-Infos","description":"","publisher":{"@id":"https:\/\/www.runesofmagic-infos.com\/fr\/#organization"},"potentialAction":[{"@type":"SearchAction","target":{"@type":"EntryPoint","urlTemplate":"https:\/\/www.runesofmagic-infos.com\/fr\/?s={search_term_string}"},"query-input":{"@type":"PropertyValueSpecification","valueRequired":true,"valueName":"search_term_string"}}],"inLanguage":"fr-FR"},{"@type":"Organization","@id":"https:\/\/www.runesofmagic-infos.com\/fr\/#organization","name":"Runes of Magic-Infos","url":"https:\/\/www.runesofmagic-infos.com\/fr\/","logo":{"@type":"ImageObject","inLanguage":"fr-FR","@id":"https:\/\/www.runesofmagic-infos.com\/fr\/#\/schema\/logo\/image\/","url":"https:\/\/www.runesofmagic-infos.com\/wp-content\/uploads\/2024\/01\/ROM-Infos-Original-Logo.png","contentUrl":"https:\/\/www.runesofmagic-infos.com\/wp-content\/uploads\/2024\/01\/ROM-Infos-Original-Logo.png","width":2329,"height":1721,"caption":"Runes of Magic-Infos"},"image":{"@id":"https:\/\/www.runesofmagic-infos.com\/fr\/#\/schema\/logo\/image\/"}},{"@type":"Person","@id":"https:\/\/www.runesofmagic-infos.com\/fr\/#\/schema\/person\/52cc0b219c8c45fddb443a7084601931","name":"krotti","image":{"@type":"ImageObject","inLanguage":"fr-FR","@id":"https:\/\/secure.gravatar.com\/avatar\/aec4c4a78a0b0f9996d8d32335a18554e7ade134085b8cce00a3635eb7043b0c?s=96&d=mm&r=g","url":"https:\/\/secure.gravatar.com\/avatar\/aec4c4a78a0b0f9996d8d32335a18554e7ade134085b8cce00a3635eb7043b0c?s=96&d=mm&r=g","contentUrl":"https:\/\/secure.gravatar.com\/avatar\/aec4c4a78a0b0f9996d8d32335a18554e7ade134085b8cce00a3635eb7043b0c?s=96&d=mm&r=g","caption":"krotti"},"sameAs":["https:\/\/www.runesofmagic-infos.com"],"url":"https:\/\/www.runesofmagic-infos.com\/fr\/author\/krotti_v01ek671\/"}]}},"_links":{"self":[{"href":"https:\/\/www.runesofmagic-infos.com\/fr\/wp-json\/wp\/v2\/posts\/5501","targetHints":{"allow":["GET"]}}],"collection":[{"href":"https:\/\/www.runesofmagic-infos.com\/fr\/wp-json\/wp\/v2\/posts"}],"about":[{"href":"https:\/\/www.runesofmagic-infos.com\/fr\/wp-json\/wp\/v2\/types\/post"}],"author":[{"embeddable":true,"href":"https:\/\/www.runesofmagic-infos.com\/fr\/wp-json\/wp\/v2\/users\/1"}],"replies":[{"embeddable":true,"href":"https:\/\/www.runesofmagic-infos.com\/fr\/wp-json\/wp\/v2\/comments?post=5501"}],"version-history":[{"count":1,"href":"https:\/\/www.runesofmagic-infos.com\/fr\/wp-json\/wp\/v2\/posts\/5501\/revisions"}],"predecessor-version":[{"id":5511,"href":"https:\/\/www.runesofmagic-infos.com\/fr\/wp-json\/wp\/v2\/posts\/5501\/revisions\/5511"}],"wp:attachment":[{"href":"https:\/\/www.runesofmagic-infos.com\/fr\/wp-json\/wp\/v2\/media?parent=5501"}],"wp:term":[{"taxonomy":"category","embeddable":true,"href":"https:\/\/www.runesofmagic-infos.com\/fr\/wp-json\/wp\/v2\/categories?post=5501"},{"taxonomy":"post_tag","embeddable":true,"href":"https:\/\/www.runesofmagic-infos.com\/fr\/wp-json\/wp\/v2\/tags?post=5501"}],"curies":[{"name":"wp","href":"https:\/\/api.w.org\/{rel}","templated":true}]}}